{"id":863,"date":"2025-11-26T09:17:42","date_gmt":"2025-11-26T09:17:42","guid":{"rendered":"https:\/\/jagdverband-nauen.de\/?p=863"},"modified":"2025-11-26T13:00:04","modified_gmt":"2025-11-26T13:00:04","slug":"hubertusgottesdienste-in-pausin-und-nauen","status":"publish","type":"post","link":"https:\/\/jagdverband-nauen.de\/?p=863","title":{"rendered":"Hubertusgottesdienste in Pausin und Nauen"},"content":{"rendered":"<div dir=\"ltr\">\n<div>\n<div class=\"x14z9mp xat24cr x1lziwak x1vvkbs xtlvy1s x126k92a\"><span style=\"font-size: 1rem;\">Am Wochenende, 08.+09.November25, fanden wieder unsere<\/span><\/div>\n<\/div>\n<\/div>\n<div dir=\"auto\">\n<div>Hubertusgottesdienste in Pausin und Nauen statt.<\/div>\n<div>\n<div class=\"xdj266r x14z9mp xat24cr x1lziwak x1vvkbs x126k92a\">\n<div dir=\"auto\">Es war wieder ein absolutes Highlight!<\/div>\n<div dir=\"auto\">\n<div dir=\"auto\">Die Kirchen waren wundersch\u00f6n geschm\u00fcckt, gut besucht, die Stimmung fast schon famili\u00e4r und richtig gut.<\/div>\n<div dir=\"auto\">In Pausin hatte dieses Mal Birgit Sternberg als Pfarrerin den Gottendienst gehalten.<\/div>\n<div dir=\"auto\">In Begleitung ihrer Tochter und ihrer Griffon H\u00fcndin hielt sie einen wunderbaren, emotionalen Gottesdienst.<\/div>\n<div dir=\"auto\">Birgit ist J\u00e4gerin, Hundef\u00fchrerin, Parforcehornbl\u00e4serin und Mitglied des Pr\u00e4sidiums des LJV Brandenburg.<\/div>\n<div dir=\"auto\">Eine Pfarrerin \u201evom Fach\u201c, die sowohl die J\u00e4gerschaft als auch die Nicht-J\u00e4ger positiv mit ihrem Gottesdienst ansprach.<\/div>\n<div dir=\"auto\">Auch Herr Dr. Neugebauer, Pfarrer in Nauen, hatte sich als Nicht-J\u00e4ger sehr intensiv mit dem Thema Jagd und<\/div>\n<div dir=\"auto\">Waidgerechtigkeit im Vorfeld seines Gottesdienstes besch\u00e4ftigt, so dass auch seine Predigt inhaltlich hervorragend<\/div>\n<div dir=\"auto\">zum Thema passte. Zwei v\u00f6llig unterschiedliche Gottesdienst und beide wirklich gro\u00dfartig gelungen.<\/div>\n<div dir=\"auto\">\n<p>Es war eine Freude, dabei gewesen zu sein<\/p>\n<div class=\"xdj266r x14z9mp xat24cr x1lziwak x1vvkbs x126k92a\">\n<div dir=\"auto\">Im Anschluss an den Pausiner Gottesdienst fand auch dieses Jahr wieder vor der Kirche die Tier-\/Hundesegnung statt.<\/div>\n<div dir=\"auto\">Jeder, der seinen Hund dabei hatte und wollte, konnte sich und sein(e) Hund(e) von Pfarrerin Sternberg in einem sehr<\/div>\n<div dir=\"auto\">pers\u00f6nlichen Moment segnen lassen. Die mitgebrachten Hunde waren auch teilweise w\u00e4hrend des Gottesdienstes mit in der Kirche.<\/div>\n<div dir=\"auto\">Alle sehr vorbildlich artig. Es gab kein Gejaule oder Unstimmigkeiten zwischen den Hunden.<\/div>\n<\/div>\n<div class=\"x14z9mp xat24cr x1lziwak x1vvkbs xtlvy1s x126k92a\">\n<div dir=\"auto\">F\u00fcr das leibliche Wohl war auch wieder gesorgt. Bei Gl\u00fchwein und frischer \u201eHubertus\u201c Wildschweinbratwurst fand noch lange nach dem<\/div>\n<div dir=\"auto\">Gottesdienst ein reger, freundlicher Austausch am Lagerfeuer statt. Die Stimmung war wirklich wieder super sch\u00f6n.<\/div>\n<div dir=\"auto\">Wir freuen uns jetzt schon auf das n\u00e4chste Mal!<\/div>\n<div dir=\"auto\"><\/div>\n<div dir=\"auto\">Termine f\u00fcr 2026 (noch unter Vorbehalt):<\/div>\n<div dir=\"auto\">07.11.2025 Hubertusgottesdienst in Pausin, 16Uhr, mit anschlie\u00dfender Hundesegnung und gemeinsamen Beisammensein am Lagerfeuer bei Bratwurst und Gl\u00fchwein<\/div>\n<div dir=\"auto\">08.11.2025 Hubertusgottesdienst in Nauen, 14 Uhr<\/div>\n<div dir=\"auto\"><\/div>\n<div dir=\"auto\">Wer sich das entgehen l\u00e4sst, ist selber schuld. \ud83d\ude09<\/div>\n<\/div>\n<\/div>\n<div dir=\"auto\"><img loading=\"lazy\" decoding=\"async\" class=\"alignnone size-large wp-image-866\" src=\"https:\/\/jagdverband-nauen.de\/wp-content\/uploads\/2025\/11\/f9c1a452-bdfa-4f8a-923e-e7690d474ff3-768x1024.jpeg\" alt=\"\" width=\"750\" height=\"1000\" srcset=\"https:\/\/jagdverband-nauen.de\/wp-content\/uploads\/2025\/11\/f9c1a452-bdfa-4f8a-923e-e7690d474ff3-768x1024.jpeg 768w, https:\/\/jagdverband-nauen.de\/wp-content\/uploads\/2025\/11\/f9c1a452-bdfa-4f8a-923e-e7690d474ff3-225x300.jpeg 225w, https:\/\/jagdverband-nauen.de\/wp-content\/uploads\/2025\/11\/f9c1a452-bdfa-4f8a-923e-e7690d474ff3.jpeg 960w\" sizes=\"auto, (max-width: 750px) 100vw, 750px\" \/> <img loading=\"lazy\" decoding=\"async\" class=\"alignnone size-large wp-image-867\" src=\"https:\/\/jagdverband-nauen.de\/wp-content\/uploads\/2025\/11\/a58e6299-e400-421e-8f9f-f7bc7e69dd3e-768x1024.jpeg\" alt=\"\" width=\"750\" height=\"1000\" srcset=\"https:\/\/jagdverband-nauen.de\/wp-content\/uploads\/2025\/11\/a58e6299-e400-421e-8f9f-f7bc7e69dd3e-768x1024.jpeg 768w, https:\/\/jagdverband-nauen.de\/wp-content\/uploads\/2025\/11\/a58e6299-e400-421e-8f9f-f7bc7e69dd3e-225x300.jpeg 225w, https:\/\/jagdverband-nauen.de\/wp-content\/uploads\/2025\/11\/a58e6299-e400-421e-8f9f-f7bc7e69dd3e.jpeg 960w\" sizes=\"auto, (max-width: 750px) 100vw, 750px\" \/> <img loading=\"lazy\" decoding=\"async\" class=\"alignnone size-large wp-image-868\" src=\"https:\/\/jagdverband-nauen.de\/wp-content\/uploads\/2025\/11\/IMG_3134-890x1024.jpeg\" alt=\"\" width=\"750\" height=\"863\" srcset=\"https:\/\/jagdverband-nauen.de\/wp-content\/uploads\/2025\/11\/IMG_3134-890x1024.jpeg 890w, https:\/\/jagdverband-nauen.de\/wp-content\/uploads\/2025\/11\/IMG_3134-261x300.jpeg 261w, https:\/\/jagdverband-nauen.de\/wp-content\/uploads\/2025\/11\/IMG_3134-768x884.jpeg 768w, https:\/\/jagdverband-nauen.de\/wp-content\/uploads\/2025\/11\/IMG_3134.jpeg 1180w\" sizes=\"auto, (max-width: 750px) 100vw, 750px\" \/> <img loading=\"lazy\" decoding=\"async\" class=\"alignnone size-large wp-image-869\" src=\"https:\/\/jagdverband-nauen.de\/wp-content\/uploads\/2025\/11\/581798260_122210326196332119_8558496388095553500_n-768x1024.jpg\" alt=\"\" width=\"750\" height=\"1000\" srcset=\"https:\/\/jagdverband-nauen.de\/wp-content\/uploads\/2025\/11\/581798260_122210326196332119_8558496388095553500_n-768x1024.jpg 768w, https:\/\/jagdverband-nauen.de\/wp-content\/uploads\/2025\/11\/581798260_122210326196332119_8558496388095553500_n-225x300.jpg 225w, https:\/\/jagdverband-nauen.de\/wp-content\/uploads\/2025\/11\/581798260_122210326196332119_8558496388095553500_n.jpg 960w\" sizes=\"auto, (max-width: 750px) 100vw, 750px\" \/> <img loading=\"lazy\" decoding=\"async\" class=\"alignnone size-large wp-image-870\" src=\"https:\/\/jagdverband-nauen.de\/wp-content\/uploads\/2025\/11\/IMG_3083-768x1024.jpeg\" alt=\"\" width=\"750\" height=\"1000\" srcset=\"https:\/\/jagdverband-nauen.de\/wp-content\/uploads\/2025\/11\/IMG_3083-768x1024.jpeg 768w, https:\/\/jagdverband-nauen.de\/wp-content\/uploads\/2025\/11\/IMG_3083-225x300.jpeg 225w, https:\/\/jagdverband-nauen.de\/wp-content\/uploads\/2025\/11\/IMG_3083.jpeg 960w\" sizes=\"auto, (max-width: 750px) 100vw, 750px\" \/> <img loading=\"lazy\" decoding=\"async\" class=\"alignnone size-large wp-image-871\" src=\"https:\/\/jagdverband-nauen.de\/wp-content\/uploads\/2025\/11\/IMG_3089-768x1024.jpeg\" alt=\"\" width=\"750\" height=\"1000\" srcset=\"https:\/\/jagdverband-nauen.de\/wp-content\/uploads\/2025\/11\/IMG_3089-768x1024.jpeg 768w, https:\/\/jagdverband-nauen.de\/wp-content\/uploads\/2025\/11\/IMG_3089-225x300.jpeg 225w, https:\/\/jagdverband-nauen.de\/wp-content\/uploads\/2025\/11\/IMG_3089.jpeg 960w\" sizes=\"auto, (max-width: 750px) 100vw, 750px\" \/> <img loading=\"lazy\" decoding=\"async\" class=\"alignnone size-large wp-image-872\" src=\"https:\/\/jagdverband-nauen.de\/wp-content\/uploads\/2025\/11\/IMG_3135-853x1024.jpeg\" alt=\"\" width=\"750\" height=\"900\" srcset=\"https:\/\/jagdverband-nauen.de\/wp-content\/uploads\/2025\/11\/IMG_3135-853x1024.jpeg 853w, https:\/\/jagdverband-nauen.de\/wp-content\/uploads\/2025\/11\/IMG_3135-250x300.jpeg 250w, https:\/\/jagdverband-nauen.de\/wp-content\/uploads\/2025\/11\/IMG_3135-768x922.jpeg 768w, https:\/\/jagdverband-nauen.de\/wp-content\/uploads\/2025\/11\/IMG_3135.jpeg 1180w\" sizes=\"auto, (max-width: 750px) 100vw, 750px\" \/> <img loading=\"lazy\" decoding=\"async\" class=\"alignnone size-full wp-image-873\" src=\"https:\/\/jagdverband-nauen.de\/wp-content\/uploads\/2025\/11\/b6b3e51d-560e-4821-a849-1da9bbd6d3e2.jpeg\" alt=\"\" width=\"961\" height=\"984\" srcset=\"https:\/\/jagdverband-nauen.de\/wp-content\/uploads\/2025\/11\/b6b3e51d-560e-4821-a849-1da9bbd6d3e2.jpeg 961w, https:\/\/jagdverband-nauen.de\/wp-content\/uploads\/2025\/11\/b6b3e51d-560e-4821-a849-1da9bbd6d3e2-293x300.jpeg 293w, https:\/\/jagdverband-nauen.de\/wp-content\/uploads\/2025\/11\/b6b3e51d-560e-4821-a849-1da9bbd6d3e2-768x786.jpeg 768w\" sizes=\"auto, (max-width: 961px) 100vw, 961px\" \/> <img loading=\"lazy\" decoding=\"async\" class=\"alignnone size-large wp-image-874\" src=\"https:\/\/jagdverband-nauen.de\/wp-content\/uploads\/2025\/11\/IMG_3092-1024x768.jpeg\" alt=\"\" width=\"750\" height=\"563\" srcset=\"https:\/\/jagdverband-nauen.de\/wp-content\/uploads\/2025\/11\/IMG_3092-1024x768.jpeg 1024w, https:\/\/jagdverband-nauen.de\/wp-content\/uploads\/2025\/11\/IMG_3092-300x225.jpeg 300w, https:\/\/jagdverband-nauen.de\/wp-content\/uploads\/2025\/11\/IMG_3092-768x576.jpeg 768w, https:\/\/jagdverband-nauen.de\/wp-content\/uploads\/2025\/11\/IMG_3092-100x75.jpeg 100w, https:\/\/jagdverband-nauen.de\/wp-content\/uploads\/2025\/11\/IMG_3092.jpeg 1280w\" sizes=\"auto, (max-width: 750px) 100vw, 750px\" \/><\/div>\n<div dir=\"auto\"><\/div>\n<\/div>\n<\/div>\n<\/div>\n<\/div>\n","protected":false},"excerpt":{"rendered":"<p>Am Wochenende, 08.+09.November25, fanden wieder unsere Hubertusgottesdienste in Pausin und Nauen statt. Es war wieder ein absolutes Highlight! Die Kirchen waren wundersch\u00f6n geschm\u00fcckt, gut besucht,<\/p>\n","protected":false},"author":1,"featured_media":873,"comment_status":"closed","ping_status":"closed","sticky":false,"template":"","format":"standard","meta":{"footnotes":""},"categories":[1],"tags":[],"class_list":["post-863","post","type-post","status-publish","format-standard","has-post-thumbnail","hentry","category-verband"],"_links":{"self":[{"href":"https:\/\/jagdverband-nauen.de\/index.php?rest_route=\/wp\/v2\/posts\/863","targetHints":{"allow":["GET"]}}],"collection":[{"href":"https:\/\/jagdverband-nauen.de\/index.php?rest_route=\/wp\/v2\/posts"}],"about":[{"href":"https:\/\/jagdverband-nauen.de\/index.php?rest_route=\/wp\/v2\/types\/post"}],"author":[{"embeddable":true,"href":"https:\/\/jagdverband-nauen.de\/index.php?rest_route=\/wp\/v2\/users\/1"}],"replies":[{"embeddable":true,"href":"https:\/\/jagdverband-nauen.de\/index.php?rest_route=%2Fwp%2Fv2%2Fcomments&post=863"}],"version-history":[{"count":4,"href":"https:\/\/jagdverband-nauen.de\/index.php?rest_route=\/wp\/v2\/posts\/863\/revisions"}],"predecessor-version":[{"id":876,"href":"https:\/\/jagdverband-nauen.de\/index.php?rest_route=\/wp\/v2\/posts\/863\/revisions\/876"}],"wp:featuredmedia":[{"embeddable":true,"href":"https:\/\/jagdverband-nauen.de\/index.php?rest_route=\/wp\/v2\/media\/873"}],"wp:attachment":[{"href":"https:\/\/jagdverband-nauen.de\/index.php?rest_route=%2Fwp%2Fv2%2Fmedia&parent=863"}],"wp:term":[{"taxonomy":"category","embeddable":true,"href":"https:\/\/jagdverband-nauen.de\/index.php?rest_route=%2Fwp%2Fv2%2Fcategories&post=863"},{"taxonomy":"post_tag","embeddable":true,"href":"https:\/\/jagdverband-nauen.de\/index.php?rest_route=%2Fwp%2Fv2%2Ftags&post=863"}],"curies":[{"name":"wp","href":"https:\/\/api.w.org\/{rel}","templated":true}]}}