{"id":858,"date":"2025-10-27T06:51:18","date_gmt":"2025-10-27T06:51:18","guid":{"rendered":"https:\/\/jagdverband-nauen.de\/?p=858"},"modified":"2025-10-30T17:29:47","modified_gmt":"2025-10-30T17:29:47","slug":"allgemeinverfuegungen-des-landkreises-havelland-zur-eindaemmung-der-gefluegelpest","status":"publish","type":"post","link":"https:\/\/jagdverband-nauen.de\/?p=858","title":{"rendered":"Allgemeinverf\u00fcgungen des Landkreises Havelland zur Eind\u00e4mmung der Gefl\u00fcgelpest"},"content":{"rendered":"<div class=\"default-style\">\n<div>Sehr geehrte Weidgenossinnen und Weidgenossen,<\/div>\n<div><\/div>\n<div>wir m\u00f6chten Sie auf die Allgemeinverf\u00fcgungen des Landkreises Havelland zur Eind\u00e4mmung der Gefl\u00fcgelpest aufmerksam machen.<\/div>\n<div><\/div>\n<div><\/div>\n<div>In der Verf\u00fcgung 05\/2025 ist f\u00fcr die Jagd folgendes zu beachten:<\/div>\n<div><\/div>\n<div>\u2026. Zur Fr\u00fcherkennung der Gefl\u00fcgelpest bei wildlebendem jagdbaren Wassergefl\u00fcgel und zur Vermeidung der Einschleppung des Virus in Hausgefl\u00fcgelbest\u00e4nde wird entsprechend \u00a7 54 der Gefl\u00fcgelpestverordnung, wie in Nr. 2 dieser Verf\u00fcgung angeordnet, vom jedem in der \u00dcberwachungszone oder im Ramsargebiet bejagten St\u00fcck Wildvogel durch die jeweiligen J\u00e4gerinnen und J\u00e4ger Proben (Tupfer oder Kopf) zu nehmen und in die Dienststelle in Nauen oder in Rathenow des Veterin\u00e4ramtes zu bringen. N\u00e4here Informationen k\u00f6nnen auf dem Internetauftritt der o.g. Beh\u00f6rde unter Merkbl\u00e4ttern eingesehen werden. Fragen beantwortet die Beh\u00f6rde telefonisch oder per E-Mail unter <a href=\"mailto:tiergesundheit@havelland.de\">tiergesundheit@havelland.de<\/a>. Es wird empfohlen, w\u00e4hrend der n\u00e4chsten 30 Tage bis zum Ende der Zugvogelaktivit\u00e4ten das Jagen auf wildlebende Wasserv\u00f6gel einzuschr\u00e4nken, um durch Unruhe in der Vogelpopulation nicht weitere \u00dcbertragungen zu bef\u00f6rdern. \u2026..<\/div>\n<div><\/div>\n<div><\/div>\n<div>Bitte informieren Sie sich auf der Internetseite des Landkreises Havelland \u00fcber die aktuelle Sachlage.<\/div>\n<div><\/div>\n<\/div>\n<div class=\"io-ox-signature\">\n<p>&nbsp;<\/p>\n<p>Mit freundlichem Gru\u00df<\/p>\n<p><em>Claus Zidek<\/em><br \/>\nstellv. Vorsitzender des Jagdverband Nauen e. V und Obmann f\u00fcr Lernort-Natur<\/p>\n<\/div>\n","protected":false},"excerpt":{"rendered":"<p>Sehr geehrte Weidgenossinnen und Weidgenossen, wir m\u00f6chten Sie auf die Allgemeinverf\u00fcgungen des Landkreises Havelland zur Eind\u00e4mmung der Gefl\u00fcgelpest aufmerksam machen. In der Verf\u00fcgung 05\/2025 ist<\/p>\n","protected":false},"author":1,"featured_media":861,"comment_status":"closed","ping_status":"closed","sticky":false,"template":"","format":"standard","meta":{"footnotes":""},"categories":[1],"tags":[],"class_list":["post-858","post","type-post","status-publish","format-standard","has-post-thumbnail","hentry","category-verband"],"_links":{"self":[{"href":"https:\/\/jagdverband-nauen.de\/index.php?rest_route=\/wp\/v2\/posts\/858","targetHints":{"allow":["GET"]}}],"collection":[{"href":"https:\/\/jagdverband-nauen.de\/index.php?rest_route=\/wp\/v2\/posts"}],"about":[{"href":"https:\/\/jagdverband-nauen.de\/index.php?rest_route=\/wp\/v2\/types\/post"}],"author":[{"embeddable":true,"href":"https:\/\/jagdverband-nauen.de\/index.php?rest_route=\/wp\/v2\/users\/1"}],"replies":[{"embeddable":true,"href":"https:\/\/jagdverband-nauen.de\/index.php?rest_route=%2Fwp%2Fv2%2Fcomments&post=858"}],"version-history":[{"count":1,"href":"https:\/\/jagdverband-nauen.de\/index.php?rest_route=\/wp\/v2\/posts\/858\/revisions"}],"predecessor-version":[{"id":859,"href":"https:\/\/jagdverband-nauen.de\/index.php?rest_route=\/wp\/v2\/posts\/858\/revisions\/859"}],"wp:featuredmedia":[{"embeddable":true,"href":"https:\/\/jagdverband-nauen.de\/index.php?rest_route=\/wp\/v2\/media\/861"}],"wp:attachment":[{"href":"https:\/\/jagdverband-nauen.de\/index.php?rest_route=%2Fwp%2Fv2%2Fmedia&parent=858"}],"wp:term":[{"taxonomy":"category","embeddable":true,"href":"https:\/\/jagdverband-nauen.de\/index.php?rest_route=%2Fwp%2Fv2%2Fcategories&post=858"},{"taxonomy":"post_tag","embeddable":true,"href":"https:\/\/jagdverband-nauen.de\/index.php?rest_route=%2Fwp%2Fv2%2Ftags&post=858"}],"curies":[{"name":"wp","href":"https:\/\/api.w.org\/{rel}","templated":true}]}}