{"id":815,"date":"2025-05-03T05:37:18","date_gmt":"2025-05-03T05:37:18","guid":{"rendered":"https:\/\/jagdverband-nauen.de\/?p=815"},"modified":"2025-05-03T05:37:18","modified_gmt":"2025-05-03T05:37:18","slug":"mitgliederversammlung-der-hegegemeinschaft-ketzin","status":"publish","type":"post","link":"https:\/\/jagdverband-nauen.de\/?p=815","title":{"rendered":"Mitgliederversammlung der Hegegemeinschaft Ketzin"},"content":{"rendered":"<p>Die Mitglieder der Hegegemeinschaft Ketzin haben sich am 4. April 2025 in Wachow getroffen und ihre traditionelle Zusammenkunft gehabt. Neben der Abarbeitung der Formalien wurde die Strecke der beteiligten Jagdbezirke anschaulich dargestellt und sich dar\u00fcber verst\u00e4ndigt, wie die Bejagung in der Hegegemeinschaft umgesetzt wird. Die Bejagung des Schwarzwildes soll mit Sachverstand und Augenma\u00df erfolgen.<\/p>\n<p><img loading=\"lazy\" decoding=\"async\" class=\"alignnone size-full wp-image-817\" src=\"https:\/\/jagdverband-nauen.de\/wp-content\/uploads\/2025\/05\/image001.png\" alt=\"\" width=\"846\" height=\"634\" srcset=\"https:\/\/jagdverband-nauen.de\/wp-content\/uploads\/2025\/05\/image001.png 846w, https:\/\/jagdverband-nauen.de\/wp-content\/uploads\/2025\/05\/image001-300x225.png 300w, https:\/\/jagdverband-nauen.de\/wp-content\/uploads\/2025\/05\/image001-768x576.png 768w, https:\/\/jagdverband-nauen.de\/wp-content\/uploads\/2025\/05\/image001-100x75.png 100w\" sizes=\"auto, (max-width: 846px) 100vw, 846px\" \/><\/p>\n<p style=\"font-weight: 400;\">Der Weidgenosse Frank Z\u00f6llner konnte dabei die Troph\u00e4en des zur\u00fcckliegenden Jagdjahres 2024\/25 beurteilen und auf eine Rehwildtroph\u00e4e eingehen, die auch f\u00fcr Ketziner Verh\u00e4ltnisse besonders stark war.<\/p>\n<p><br style=\"font-weight: 400;\" \/><br \/>\n&nbsp;<\/p>\n","protected":false},"excerpt":{"rendered":"<p>Die Mitglieder der Hegegemeinschaft Ketzin haben sich am 4. April 2025 in Wachow getroffen und ihre traditionelle Zusammenkunft gehabt. Neben der Abarbeitung der Formalien wurde<\/p>\n","protected":false},"author":1,"featured_media":816,"comment_status":"closed","ping_status":"closed","sticky":false,"template":"","format":"standard","meta":{"footnotes":""},"categories":[1],"tags":[],"class_list":["post-815","post","type-post","status-publish","format-standard","has-post-thumbnail","hentry","category-verband"],"_links":{"self":[{"href":"https:\/\/jagdverband-nauen.de\/index.php?rest_route=\/wp\/v2\/posts\/815","targetHints":{"allow":["GET"]}}],"collection":[{"href":"https:\/\/jagdverband-nauen.de\/index.php?rest_route=\/wp\/v2\/posts"}],"about":[{"href":"https:\/\/jagdverband-nauen.de\/index.php?rest_route=\/wp\/v2\/types\/post"}],"author":[{"embeddable":true,"href":"https:\/\/jagdverband-nauen.de\/index.php?rest_route=\/wp\/v2\/users\/1"}],"replies":[{"embeddable":true,"href":"https:\/\/jagdverband-nauen.de\/index.php?rest_route=%2Fwp%2Fv2%2Fcomments&post=815"}],"version-history":[{"count":1,"href":"https:\/\/jagdverband-nauen.de\/index.php?rest_route=\/wp\/v2\/posts\/815\/revisions"}],"predecessor-version":[{"id":818,"href":"https:\/\/jagdverband-nauen.de\/index.php?rest_route=\/wp\/v2\/posts\/815\/revisions\/818"}],"wp:featuredmedia":[{"embeddable":true,"href":"https:\/\/jagdverband-nauen.de\/index.php?rest_route=\/wp\/v2\/media\/816"}],"wp:attachment":[{"href":"https:\/\/jagdverband-nauen.de\/index.php?rest_route=%2Fwp%2Fv2%2Fmedia&parent=815"}],"wp:term":[{"taxonomy":"category","embeddable":true,"href":"https:\/\/jagdverband-nauen.de\/index.php?rest_route=%2Fwp%2Fv2%2Fcategories&post=815"},{"taxonomy":"post_tag","embeddable":true,"href":"https:\/\/jagdverband-nauen.de\/index.php?rest_route=%2Fwp%2Fv2%2Ftags&post=815"}],"curies":[{"name":"wp","href":"https:\/\/api.w.org\/{rel}","templated":true}]}}