{"id":707,"date":"2024-05-14T13:10:59","date_gmt":"2024-05-14T13:10:59","guid":{"rendered":"https:\/\/jagdverband-nauen.de\/?p=707"},"modified":"2024-05-14T13:25:42","modified_gmt":"2024-05-14T13:25:42","slug":"april-2024-muellsammelaktion","status":"publish","type":"post","link":"https:\/\/jagdverband-nauen.de\/?p=707","title":{"rendered":"April 2024 M\u00fcllsammelaktion"},"content":{"rendered":"<p><a href=\"https:\/\/jagdverband-nauen.de\/wp-content\/uploads\/2024\/05\/Muellsammelaktion-Unser-Havelland-5-2024.pdf\">M\u00fcllsammelaktion-Unser Havelland-5-2024<\/a><\/p>\n<p><img loading=\"lazy\" decoding=\"async\" class=\"alignnone size-large wp-image-709\" src=\"https:\/\/jagdverband-nauen.de\/wp-content\/uploads\/2024\/05\/Bildschirmfoto-2024-05-14-um-15.03.46-360x1024.png\" alt=\"\" width=\"360\" height=\"1024\" srcset=\"https:\/\/jagdverband-nauen.de\/wp-content\/uploads\/2024\/05\/Bildschirmfoto-2024-05-14-um-15.03.46-360x1024.png 360w, https:\/\/jagdverband-nauen.de\/wp-content\/uploads\/2024\/05\/Bildschirmfoto-2024-05-14-um-15.03.46.png 718w\" sizes=\"auto, (max-width: 360px) 100vw, 360px\" \/><\/p>\n<p>&nbsp;<\/p>\n<p><a href=\"https:\/\/jagdverband-nauen.de\/wp-content\/uploads\/2024\/05\/Muellsammelaktion-MAZ-Havellaender-20.04.2024.pdf\">M\u00fcllsammelaktion-MAZ-Havell\u00e4nder-20.04.2024<\/a><\/p>\n<p>&nbsp;<\/p>\n<p><img loading=\"lazy\" decoding=\"async\" class=\"alignnone size-large wp-image-708\" src=\"https:\/\/jagdverband-nauen.de\/wp-content\/uploads\/2024\/05\/Bildschirmfoto-2024-05-14-um-15.05.43-897x1024.png\" alt=\"\" width=\"750\" height=\"856\" srcset=\"https:\/\/jagdverband-nauen.de\/wp-content\/uploads\/2024\/05\/Bildschirmfoto-2024-05-14-um-15.05.43-897x1024.png 897w, https:\/\/jagdverband-nauen.de\/wp-content\/uploads\/2024\/05\/Bildschirmfoto-2024-05-14-um-15.05.43-263x300.png 263w, https:\/\/jagdverband-nauen.de\/wp-content\/uploads\/2024\/05\/Bildschirmfoto-2024-05-14-um-15.05.43-768x877.png 768w, https:\/\/jagdverband-nauen.de\/wp-content\/uploads\/2024\/05\/Bildschirmfoto-2024-05-14-um-15.05.43-1345x1536.png 1345w, https:\/\/jagdverband-nauen.de\/wp-content\/uploads\/2024\/05\/Bildschirmfoto-2024-05-14-um-15.05.43-1793x2048.png 1793w, https:\/\/jagdverband-nauen.de\/wp-content\/uploads\/2024\/05\/Bildschirmfoto-2024-05-14-um-15.05.43.png 1802w\" sizes=\"auto, (max-width: 750px) 100vw, 750px\" \/><\/p>\n<p>Quelle MAZ<\/p>\n","protected":false},"excerpt":{"rendered":"<p>M\u00fcllsammelaktion-Unser Havelland-5-2024 &nbsp; M\u00fcllsammelaktion-MAZ-Havell\u00e4nder-20.04.2024 &nbsp; Quelle MAZ<\/p>\n","protected":false},"author":1,"featured_media":714,"comment_status":"closed","ping_status":"closed","sticky":false,"template":"","format":"standard","meta":{"footnotes":""},"categories":[1],"tags":[],"class_list":["post-707","post","type-post","status-publish","format-standard","has-post-thumbnail","hentry","category-verband"],"_links":{"self":[{"href":"https:\/\/jagdverband-nauen.de\/index.php?rest_route=\/wp\/v2\/posts\/707","targetHints":{"allow":["GET"]}}],"collection":[{"href":"https:\/\/jagdverband-nauen.de\/index.php?rest_route=\/wp\/v2\/posts"}],"about":[{"href":"https:\/\/jagdverband-nauen.de\/index.php?rest_route=\/wp\/v2\/types\/post"}],"author":[{"embeddable":true,"href":"https:\/\/jagdverband-nauen.de\/index.php?rest_route=\/wp\/v2\/users\/1"}],"replies":[{"embeddable":true,"href":"https:\/\/jagdverband-nauen.de\/index.php?rest_route=%2Fwp%2Fv2%2Fcomments&post=707"}],"version-history":[{"count":1,"href":"https:\/\/jagdverband-nauen.de\/index.php?rest_route=\/wp\/v2\/posts\/707\/revisions"}],"predecessor-version":[{"id":713,"href":"https:\/\/jagdverband-nauen.de\/index.php?rest_route=\/wp\/v2\/posts\/707\/revisions\/713"}],"wp:featuredmedia":[{"embeddable":true,"href":"https:\/\/jagdverband-nauen.de\/index.php?rest_route=\/wp\/v2\/media\/714"}],"wp:attachment":[{"href":"https:\/\/jagdverband-nauen.de\/index.php?rest_route=%2Fwp%2Fv2%2Fmedia&parent=707"}],"wp:term":[{"taxonomy":"category","embeddable":true,"href":"https:\/\/jagdverband-nauen.de\/index.php?rest_route=%2Fwp%2Fv2%2Fcategories&post=707"},{"taxonomy":"post_tag","embeddable":true,"href":"https:\/\/jagdverband-nauen.de\/index.php?rest_route=%2Fwp%2Fv2%2Ftags&post=707"}],"curies":[{"name":"wp","href":"https:\/\/api.w.org\/{rel}","templated":true}]}}