{"id":452,"date":"2020-07-01T14:07:45","date_gmt":"2020-07-01T14:07:45","guid":{"rendered":"http:\/\/jagdverband-nauen.de\/?p=452"},"modified":"2020-07-01T14:11:53","modified_gmt":"2020-07-01T14:11:53","slug":"mitgliederversammlung-des-jv-nauen-am-14-03-2020-im-schloss-ribbeck","status":"publish","type":"post","link":"https:\/\/jagdverband-nauen.de\/?p=452","title":{"rendered":"Mitgliederversammlung des JV Nauen am 14.03.2020 im Schloss Ribbeck"},"content":{"rendered":"<p><img loading=\"lazy\" decoding=\"async\" class=\"alignnone size-large wp-image-455\" src=\"https:\/\/jagdverband-nauen.de\/wp-content\/uploads\/2020\/07\/20200314_090509-1024x768.jpg\" alt=\"\" width=\"750\" height=\"563\" srcset=\"https:\/\/jagdverband-nauen.de\/wp-content\/uploads\/2020\/07\/20200314_090509-1024x768.jpg 1024w, https:\/\/jagdverband-nauen.de\/wp-content\/uploads\/2020\/07\/20200314_090509-300x225.jpg 300w, https:\/\/jagdverband-nauen.de\/wp-content\/uploads\/2020\/07\/20200314_090509-768x576.jpg 768w, https:\/\/jagdverband-nauen.de\/wp-content\/uploads\/2020\/07\/20200314_090509-1536x1152.jpg 1536w, https:\/\/jagdverband-nauen.de\/wp-content\/uploads\/2020\/07\/20200314_090509-2048x1536.jpg 2048w, https:\/\/jagdverband-nauen.de\/wp-content\/uploads\/2020\/07\/20200314_090509-100x75.jpg 100w\" sizes=\"auto, (max-width: 750px) 100vw, 750px\" \/><\/p>\n<p><img loading=\"lazy\" decoding=\"async\" class=\"alignnone size-large wp-image-456\" src=\"https:\/\/jagdverband-nauen.de\/wp-content\/uploads\/2020\/07\/20200314_090456-1024x768.jpg\" alt=\"\" width=\"750\" height=\"563\" srcset=\"https:\/\/jagdverband-nauen.de\/wp-content\/uploads\/2020\/07\/20200314_090456-1024x768.jpg 1024w, https:\/\/jagdverband-nauen.de\/wp-content\/uploads\/2020\/07\/20200314_090456-300x225.jpg 300w, https:\/\/jagdverband-nauen.de\/wp-content\/uploads\/2020\/07\/20200314_090456-768x576.jpg 768w, https:\/\/jagdverband-nauen.de\/wp-content\/uploads\/2020\/07\/20200314_090456-1536x1152.jpg 1536w, https:\/\/jagdverband-nauen.de\/wp-content\/uploads\/2020\/07\/20200314_090456-2048x1536.jpg 2048w, https:\/\/jagdverband-nauen.de\/wp-content\/uploads\/2020\/07\/20200314_090456-100x75.jpg 100w\" sizes=\"auto, (max-width: 750px) 100vw, 750px\" \/><\/p>\n<p><span style=\"text-align: left; color: #333333; text-transform: none; text-indent: 0px; letter-spacing: normal; font-family: 'Oxygen',Tahoma,Arial; font-size: 16px; font-style: normal; font-variant: normal; font-weight: 400; text-decoration: none; word-spacing: 0px; float: none; display: inline !important; white-space: normal; cursor: text; orphans: 2; background-color: #ffffff; -webkit-text-stroke-width: 0px;\">Am Sa. den 14.03.2020 f\u00fchrte der JV Nauen seine Mitgliederversammlung im Saal von Schloss Ribbeck durch. Dem Aufruf zu der angemeldeten Veranstaltung folgten trotz der Corona-Pandemie mehr als 30 Mitglieder. Es wurde auf das vergangene Verbandsjahr zur\u00fcckgeblickt und \u00fcber Aktivit\u00e4ten des kommenden Jahres informiert. <\/span><\/p>\n","protected":false},"excerpt":{"rendered":"<p>Am Sa. den 14.03.2020 f\u00fchrte der JV Nauen seine Mitgliederversammlung im Saal von Schloss Ribbeck durch. Dem Aufruf zu der angemeldeten Veranstaltung folgten trotz der<\/p>\n","protected":false},"author":1,"featured_media":455,"comment_status":"closed","ping_status":"closed","sticky":false,"template":"","format":"standard","meta":{"footnotes":""},"categories":[1],"tags":[],"class_list":["post-452","post","type-post","status-publish","format-standard","has-post-thumbnail","hentry","category-verband"],"_links":{"self":[{"href":"https:\/\/jagdverband-nauen.de\/index.php?rest_route=\/wp\/v2\/posts\/452","targetHints":{"allow":["GET"]}}],"collection":[{"href":"https:\/\/jagdverband-nauen.de\/index.php?rest_route=\/wp\/v2\/posts"}],"about":[{"href":"https:\/\/jagdverband-nauen.de\/index.php?rest_route=\/wp\/v2\/types\/post"}],"author":[{"embeddable":true,"href":"https:\/\/jagdverband-nauen.de\/index.php?rest_route=\/wp\/v2\/users\/1"}],"replies":[{"embeddable":true,"href":"https:\/\/jagdverband-nauen.de\/index.php?rest_route=%2Fwp%2Fv2%2Fcomments&post=452"}],"version-history":[{"count":3,"href":"https:\/\/jagdverband-nauen.de\/index.php?rest_route=\/wp\/v2\/posts\/452\/revisions"}],"predecessor-version":[{"id":457,"href":"https:\/\/jagdverband-nauen.de\/index.php?rest_route=\/wp\/v2\/posts\/452\/revisions\/457"}],"wp:featuredmedia":[{"embeddable":true,"href":"https:\/\/jagdverband-nauen.de\/index.php?rest_route=\/wp\/v2\/media\/455"}],"wp:attachment":[{"href":"https:\/\/jagdverband-nauen.de\/index.php?rest_route=%2Fwp%2Fv2%2Fmedia&parent=452"}],"wp:term":[{"taxonomy":"category","embeddable":true,"href":"https:\/\/jagdverband-nauen.de\/index.php?rest_route=%2Fwp%2Fv2%2Fcategories&post=452"},{"taxonomy":"post_tag","embeddable":true,"href":"https:\/\/jagdverband-nauen.de\/index.php?rest_route=%2Fwp%2Fv2%2Ftags&post=452"}],"curies":[{"name":"wp","href":"https:\/\/api.w.org\/{rel}","templated":true}]}}