{"id":443,"date":"2020-03-30T08:50:54","date_gmt":"2020-03-30T08:50:54","guid":{"rendered":"http:\/\/jagdverband-nauen.de\/?p=443"},"modified":"2020-04-01T08:05:33","modified_gmt":"2020-04-01T08:05:33","slug":"achtung-aufgrund-der-aktuellen-lage-wird-die-diesjaehrige-muellaktion-nicht-stattfinden","status":"publish","type":"post","link":"https:\/\/jagdverband-nauen.de\/?p=443","title":{"rendered":"Corona SARS-CoV-2 &#8211; Was ist bei der Jagd zu beachten?"},"content":{"rendered":"<p>Im Hinblick auf die Eind\u00e4mmungsverordnung vom 22. M\u00e4rz 2020 ist die Jagd grunds\u00e4tzlich weiterhin zul\u00e4ssig. Sie erfolgt aktuell unter anderem auch mit dem Ziel, zur Pr\u00e4vention der Afrikanischen Schweinepest insbesondere in den grenznahen Kreisen beizutragen und Wildsch\u00e4den abzuwenden.<\/p>\n<p><a href=\"https:\/\/jagdverband-nauen.de\/wp-content\/uploads\/2020\/03\/SARS-CoV-2-EindV2-1.pdf\">SARS-CoV-2-EindV2-1<\/a><\/p>\n<p>Dabei sollte beachtet werden:<br \/>\n1. Die Jagdaus\u00fcbung erfolgt entsprechend der Regelungen des Paragraph 11 Absatz 4 der der SARS-CoV-2-Eind\u00e4mmungsverordnung entweder allein, mit einer weiteren nicht im Haushalt lebenden Person oder im Kreis der Angeh\u00f6rigen des eigenen Haushalts;<br \/>\n2. Unterst\u00fctzung bei Nachsuche, Wildbergung, Wildversorgung und -verwertung ist zul\u00e4ssig, wenn die Mindestabst\u00e4nde zwischen Personen von 1,5 Metern gewahrt bleiben und jede Art von Gruppenbildung unterbleibt;<br \/>\n3. Abgabe von Trichinenproben bei den Veterin\u00e4ren\/Veterin\u00e4r\u00e4mtern erfolgt kontaktlos.<\/p>\n<p>Die erforderlichen Aktivit\u00e4ten zur Beprobung von Fallwild oder Unfallwild sind unter Beachtung der Regelungen zum Kontaktverbot ebenfalls weiterhin zul\u00e4ssig und erforderlich.<\/p>\n<p>Nach der seit dem 23. M\u00e4rz 2020 geltenden Regelung sind \u00f6ffentliche und nicht\u00f6ffentliche Veranstaltungen sowie Versammlungen und sonstige Ansammlungen bis einschlie\u00dflich 19. April 2020 untersagt. Davon sind Gesellschaftsjagden betroffen.<\/p>\n<p>Kontakt bei der Obersten Jagdbeh\u00f6rde<\/p>\n<p>Abteilung 3 &#8211; L\u00e4ndliche Entwicklung, Landwirtschaft und Forsten<br \/>\nReferat 35 JuliaG\u00f6tzeoberste.jagdbehoerde@mluk.brandenburg.de +49 331 866-7651<\/p>\n","protected":false},"excerpt":{"rendered":"<p>Im Hinblick auf die Eind\u00e4mmungsverordnung vom 22. M\u00e4rz 2020 ist die Jagd grunds\u00e4tzlich weiterhin zul\u00e4ssig. Sie erfolgt aktuell unter anderem auch mit dem Ziel, zur<\/p>\n","protected":false},"author":1,"featured_media":449,"comment_status":"closed","ping_status":"closed","sticky":false,"template":"","format":"standard","meta":{"footnotes":""},"categories":[3,1],"tags":[],"class_list":["post-443","post","type-post","status-publish","format-standard","has-post-thumbnail","hentry","category-aktuelles","category-verband"],"_links":{"self":[{"href":"https:\/\/jagdverband-nauen.de\/index.php?rest_route=\/wp\/v2\/posts\/443","targetHints":{"allow":["GET"]}}],"collection":[{"href":"https:\/\/jagdverband-nauen.de\/index.php?rest_route=\/wp\/v2\/posts"}],"about":[{"href":"https:\/\/jagdverband-nauen.de\/index.php?rest_route=\/wp\/v2\/types\/post"}],"author":[{"embeddable":true,"href":"https:\/\/jagdverband-nauen.de\/index.php?rest_route=\/wp\/v2\/users\/1"}],"replies":[{"embeddable":true,"href":"https:\/\/jagdverband-nauen.de\/index.php?rest_route=%2Fwp%2Fv2%2Fcomments&post=443"}],"version-history":[{"count":3,"href":"https:\/\/jagdverband-nauen.de\/index.php?rest_route=\/wp\/v2\/posts\/443\/revisions"}],"predecessor-version":[{"id":447,"href":"https:\/\/jagdverband-nauen.de\/index.php?rest_route=\/wp\/v2\/posts\/443\/revisions\/447"}],"wp:featuredmedia":[{"embeddable":true,"href":"https:\/\/jagdverband-nauen.de\/index.php?rest_route=\/wp\/v2\/media\/449"}],"wp:attachment":[{"href":"https:\/\/jagdverband-nauen.de\/index.php?rest_route=%2Fwp%2Fv2%2Fmedia&parent=443"}],"wp:term":[{"taxonomy":"category","embeddable":true,"href":"https:\/\/jagdverband-nauen.de\/index.php?rest_route=%2Fwp%2Fv2%2Fcategories&post=443"},{"taxonomy":"post_tag","embeddable":true,"href":"https:\/\/jagdverband-nauen.de\/index.php?rest_route=%2Fwp%2Fv2%2Ftags&post=443"}],"curies":[{"name":"wp","href":"https:\/\/api.w.org\/{rel}","templated":true}]}}