{"id":197,"date":"2014-11-26T14:57:52","date_gmt":"2014-11-26T14:57:52","guid":{"rendered":"http:\/\/jagdverband-nauen.de\/?p=197"},"modified":"2018-01-08T14:59:24","modified_gmt":"2018-01-08T14:59:24","slug":"kein-platz-fuer-tiere-im-nauener-stadtwald","status":"publish","type":"post","link":"https:\/\/jagdverband-nauen.de\/?p=197","title":{"rendered":"Kein Platz f\u00fcr Tiere im Nauener Stadtwald"},"content":{"rendered":"<p>Kein Platz f\u00fcr Tiere im Nauener Stadtwald: Bernd Schulze ist sauer. Der J\u00e4ger aus Velten, der sein Revier im Nauener Stadtwald hat, wollte im Wald gemeinsam mit einigen Kollegen mehrere Streuobstwiesen anlegen, auf die sich das Wild zur\u00fcckziehen kann, um in Ruhe zu fressen. Die Obere Jagdbeh\u00f6rde im brandenburgischen Landwirtschaftsministerium aber lehnte die F\u00f6rderung des Projekts ab.<\/p>\n<p><a href=\"https:\/\/jagdverband-nauen.de\/wp-content\/uploads\/2018\/01\/MAZKeinPlatzfuerTiere.pdf\">MAZKeinPlatzfuerTiere<\/a><\/p>\n","protected":false},"excerpt":{"rendered":"<p>Kein Platz f\u00fcr Tiere im Nauener Stadtwald: Bernd Schulze ist sauer. Der J\u00e4ger aus Velten, der sein Revier im Nauener Stadtwald hat, wollte im Wald<\/p>\n","protected":false},"author":1,"featured_media":0,"comment_status":"open","ping_status":"open","sticky":false,"template":"","format":"standard","meta":{"footnotes":""},"categories":[3],"tags":[],"class_list":["post-197","post","type-post","status-publish","format-standard","hentry","category-aktuelles"],"_links":{"self":[{"href":"https:\/\/jagdverband-nauen.de\/index.php?rest_route=\/wp\/v2\/posts\/197","targetHints":{"allow":["GET"]}}],"collection":[{"href":"https:\/\/jagdverband-nauen.de\/index.php?rest_route=\/wp\/v2\/posts"}],"about":[{"href":"https:\/\/jagdverband-nauen.de\/index.php?rest_route=\/wp\/v2\/types\/post"}],"author":[{"embeddable":true,"href":"https:\/\/jagdverband-nauen.de\/index.php?rest_route=\/wp\/v2\/users\/1"}],"replies":[{"embeddable":true,"href":"https:\/\/jagdverband-nauen.de\/index.php?rest_route=%2Fwp%2Fv2%2Fcomments&post=197"}],"version-history":[{"count":1,"href":"https:\/\/jagdverband-nauen.de\/index.php?rest_route=\/wp\/v2\/posts\/197\/revisions"}],"predecessor-version":[{"id":199,"href":"https:\/\/jagdverband-nauen.de\/index.php?rest_route=\/wp\/v2\/posts\/197\/revisions\/199"}],"wp:attachment":[{"href":"https:\/\/jagdverband-nauen.de\/index.php?rest_route=%2Fwp%2Fv2%2Fmedia&parent=197"}],"wp:term":[{"taxonomy":"category","embeddable":true,"href":"https:\/\/jagdverband-nauen.de\/index.php?rest_route=%2Fwp%2Fv2%2Fcategories&post=197"},{"taxonomy":"post_tag","embeddable":true,"href":"https:\/\/jagdverband-nauen.de\/index.php?rest_route=%2Fwp%2Fv2%2Ftags&post=197"}],"curies":[{"name":"wp","href":"https:\/\/api.w.org\/{rel}","templated":true}]}}