{"id":170,"date":"2015-01-02T14:22:46","date_gmt":"2015-01-02T14:22:46","guid":{"rendered":"http:\/\/jagdverband-nauen.de\/?p=170"},"modified":"2018-01-08T14:40:31","modified_gmt":"2018-01-08T14:40:31","slug":"brandenburg-gibt-schalldaempfer-frei","status":"publish","type":"post","link":"https:\/\/jagdverband-nauen.de\/?p=170","title":{"rendered":"Brandenburg gibt Schalld\u00e4mpfer frei"},"content":{"rendered":"<p>Brandenburg gibt Schalld\u00e4mpfer frei &#8211; Innenministerium erkennt Bed\u00fcrfnis f\u00fcr Schalld\u00e4mpfer auch f\u00fcr Privatj\u00e4ger an<br \/>\nMichendorf, 02.12.15. Ab sofort d\u00fcrfen alle J\u00e4ger(innen) Brandenburgs ihre Jagdwaffen auf Antrag mit einem Schalld\u00e4mpfer ausstatten. Dies teilte das Innenministerium auf Nachfrage des Landesjagdverbandes mit. Bisher war diese Art des Gesundheitsschutzes nur jenen gestattet, die die Jagd beruflich aus\u00fcben. Der Landesjagdverband hatte sich in der Vergangenheit immer wieder gegen diese Ungleichbehandlung ausgesprochen. &#8222;Wir sind froh, dass das Innenministerium nun unseren Argumenten gefolgt ist&#8220;, sagte Dr. Dirk Wellershoff, Pr\u00e4sidiumsmitglied des Landesjagdverbandes Brandenburg e.V. &#8222;Jeder J\u00e4ger muss als m\u00fcndiger B\u00fcrger selbst entscheiden d\u00fcrfen, wie er sein Geh\u00f6r und das seiner Mitj\u00e4ger sch\u00fctzt.&#8220; Die Sicherheit wird nicht eingeschr\u00e4nkt, wie aus einem Gutachten des Bundeskriminalamtes hervorgeht. Auch mit Schalld\u00e4mpfern ausgestattete Jagdwaffen knallen beim Schuss noch laut. Technisch kann nur der so genannte M\u00fcndungsknall ged\u00e4mpft werden. Nicht jedoch der Schussknall, der \u00e4hnlich wie bei \u00dcberschall-Flugzeugen auch bei Jagdmunition entsteht. So ist ein Schuss mit einem Schalld\u00e4mpfer immer noch weit zu h\u00f6ren. Allerdings ist die gesundheitliche Beeintr\u00e4chtigung deutlich minimiert. Schalld\u00e4mpfer m\u00fcssen genau wie Jagdwaffen bei der zust\u00e4ndigen Waffenbeh\u00f6rde beantragt und in der Waffenbesitzkarte eingetragen werden. Ein Missbrauch ist somit ausgeschlossen. Nach Bayern ist Brandenburg das zweite Bundesland, in dem ein Bed\u00fcrfnis f\u00fcr Erwerb und Besitz von Schalld\u00e4mpfern f\u00fcr Privatj\u00e4ger anerkannt wird.<\/p>\n","protected":false},"excerpt":{"rendered":"<p>Brandenburg gibt Schalld\u00e4mpfer frei &#8211; Innenministerium erkennt Bed\u00fcrfnis f\u00fcr Schalld\u00e4mpfer auch f\u00fcr Privatj\u00e4ger an Michendorf, 02.12.15. Ab sofort d\u00fcrfen alle J\u00e4ger(innen) Brandenburgs ihre Jagdwaffen auf<\/p>\n","protected":false},"author":1,"featured_media":0,"comment_status":"open","ping_status":"open","sticky":false,"template":"","format":"standard","meta":{"footnotes":""},"categories":[3],"tags":[],"class_list":["post-170","post","type-post","status-publish","format-standard","hentry","category-aktuelles"],"_links":{"self":[{"href":"https:\/\/jagdverband-nauen.de\/index.php?rest_route=\/wp\/v2\/posts\/170","targetHints":{"allow":["GET"]}}],"collection":[{"href":"https:\/\/jagdverband-nauen.de\/index.php?rest_route=\/wp\/v2\/posts"}],"about":[{"href":"https:\/\/jagdverband-nauen.de\/index.php?rest_route=\/wp\/v2\/types\/post"}],"author":[{"embeddable":true,"href":"https:\/\/jagdverband-nauen.de\/index.php?rest_route=\/wp\/v2\/users\/1"}],"replies":[{"embeddable":true,"href":"https:\/\/jagdverband-nauen.de\/index.php?rest_route=%2Fwp%2Fv2%2Fcomments&post=170"}],"version-history":[{"count":1,"href":"https:\/\/jagdverband-nauen.de\/index.php?rest_route=\/wp\/v2\/posts\/170\/revisions"}],"predecessor-version":[{"id":171,"href":"https:\/\/jagdverband-nauen.de\/index.php?rest_route=\/wp\/v2\/posts\/170\/revisions\/171"}],"wp:attachment":[{"href":"https:\/\/jagdverband-nauen.de\/index.php?rest_route=%2Fwp%2Fv2%2Fmedia&parent=170"}],"wp:term":[{"taxonomy":"category","embeddable":true,"href":"https:\/\/jagdverband-nauen.de\/index.php?rest_route=%2Fwp%2Fv2%2Fcategories&post=170"},{"taxonomy":"post_tag","embeddable":true,"href":"https:\/\/jagdverband-nauen.de\/index.php?rest_route=%2Fwp%2Fv2%2Ftags&post=170"}],"curies":[{"name":"wp","href":"https:\/\/api.w.org\/{rel}","templated":true}]}}