{"id":167,"date":"2016-10-22T14:21:12","date_gmt":"2016-10-22T14:21:12","guid":{"rendered":"http:\/\/jagdverband-nauen.de\/?p=167"},"modified":"2018-01-08T14:22:10","modified_gmt":"2018-01-08T14:22:10","slug":"stammtisch-2016-des-jv-nauen","status":"publish","type":"post","link":"https:\/\/jagdverband-nauen.de\/?p=167","title":{"rendered":"Stammtisch 2016 des JV Nauen"},"content":{"rendered":"<p>In einem herbstlich und jagdlich sch\u00f6n geschm\u00fcckten Raum der Oberf\u00f6rsterei Brieselang fand am 22.10.2016 der 1. Stammtisch des JV Nauen statt. Gut 20 Mitglieder waren der Einladung gefolgt und brachten zum Teil ihre vierl\u00e4ufigen Jagdhelfer, die Weidgenossin Andrea Badouin ihren Habicht mit. Bei leckerer Verpflegung, um die sich der Weidgenosse Rachmatulla verdient gemacht hatte, wurden intensive Gespr\u00e4che gef\u00fchrt und neue Bekanntschaften gemacht. Gekommen waren langj\u00e4hrige Mitglieder ebenso wie \u201efrische\u201c Jungj\u00e4ger und ganz neue Mitglieder. Passend zum Beginn Dr\u00fcckjagdsaison trug der Weidgenosse Hansjoachim von Glowacki ein selbstverfasstes Gedicht \u00fcber die m\u00f6glichen Vorkommnisse eines Dr\u00fcckjagdtages vor und erheiterte damit die Anwesenden. Zusammen mit dem 2. Jahresschiessen, das am Wochenende zuvor in Neustadt\/Dosse stattfand, waren dies zwei Veranstaltungen des JV Nauen, die den Mitgliedern die M\u00f6glichkeit zum Austausch boten. Die positiven Reaktionen der Anwesenden wird der Vorstand bei der Entscheidung, ob eine solche Veranstaltung wiederholt werden soll, zu w\u00fcrdigen wissen.<\/p>\n<p><img loading=\"lazy\" decoding=\"async\" class=\"alignnone size-large wp-image-168\" src=\"https:\/\/jagdverband-nauen.de\/wp-content\/uploads\/2018\/01\/img40-1024x355.jpg\" alt=\"\" width=\"750\" height=\"260\" srcset=\"https:\/\/jagdverband-nauen.de\/wp-content\/uploads\/2018\/01\/img40-1024x355.jpg 1024w, https:\/\/jagdverband-nauen.de\/wp-content\/uploads\/2018\/01\/img40-300x104.jpg 300w, https:\/\/jagdverband-nauen.de\/wp-content\/uploads\/2018\/01\/img40-768x266.jpg 768w, https:\/\/jagdverband-nauen.de\/wp-content\/uploads\/2018\/01\/img40.jpg 1150w\" sizes=\"auto, (max-width: 750px) 100vw, 750px\" \/><\/p>\n<p>&nbsp;<\/p>\n","protected":false},"excerpt":{"rendered":"<p>In einem herbstlich und jagdlich sch\u00f6n geschm\u00fcckten Raum der Oberf\u00f6rsterei Brieselang fand am 22.10.2016 der 1. Stammtisch des JV Nauen statt. Gut 20 Mitglieder waren<\/p>\n","protected":false},"author":1,"featured_media":168,"comment_status":"open","ping_status":"open","sticky":false,"template":"","format":"standard","meta":{"footnotes":""},"categories":[1],"tags":[],"class_list":["post-167","post","type-post","status-publish","format-standard","has-post-thumbnail","hentry","category-verband"],"_links":{"self":[{"href":"https:\/\/jagdverband-nauen.de\/index.php?rest_route=\/wp\/v2\/posts\/167","targetHints":{"allow":["GET"]}}],"collection":[{"href":"https:\/\/jagdverband-nauen.de\/index.php?rest_route=\/wp\/v2\/posts"}],"about":[{"href":"https:\/\/jagdverband-nauen.de\/index.php?rest_route=\/wp\/v2\/types\/post"}],"author":[{"embeddable":true,"href":"https:\/\/jagdverband-nauen.de\/index.php?rest_route=\/wp\/v2\/users\/1"}],"replies":[{"embeddable":true,"href":"https:\/\/jagdverband-nauen.de\/index.php?rest_route=%2Fwp%2Fv2%2Fcomments&post=167"}],"version-history":[{"count":1,"href":"https:\/\/jagdverband-nauen.de\/index.php?rest_route=\/wp\/v2\/posts\/167\/revisions"}],"predecessor-version":[{"id":169,"href":"https:\/\/jagdverband-nauen.de\/index.php?rest_route=\/wp\/v2\/posts\/167\/revisions\/169"}],"wp:featuredmedia":[{"embeddable":true,"href":"https:\/\/jagdverband-nauen.de\/index.php?rest_route=\/wp\/v2\/media\/168"}],"wp:attachment":[{"href":"https:\/\/jagdverband-nauen.de\/index.php?rest_route=%2Fwp%2Fv2%2Fmedia&parent=167"}],"wp:term":[{"taxonomy":"category","embeddable":true,"href":"https:\/\/jagdverband-nauen.de\/index.php?rest_route=%2Fwp%2Fv2%2Fcategories&post=167"},{"taxonomy":"post_tag","embeddable":true,"href":"https:\/\/jagdverband-nauen.de\/index.php?rest_route=%2Fwp%2Fv2%2Ftags&post=167"}],"curies":[{"name":"wp","href":"https:\/\/api.w.org\/{rel}","templated":true}]}}